{"id":196,"date":"2008-12-07T09:52:18","date_gmt":"2008-12-07T12:52:18","guid":{"rendered":"http:\/\/www.subterfugios.net\/blog\/arquivos\/2008\/12\/07\/reuniao-do-ai-5\/"},"modified":"2008-12-07T10:56:37","modified_gmt":"2008-12-07T13:56:37","slug":"reuniao-do-ai-5","status":"publish","type":"post","link":"https:\/\/www.subterfugios.net\/blog\/reuniao-do-ai-5\/","title":{"rendered":"Reuni\u00e3o do AI-5"},"content":{"rendered":"<p>O site do Estad\u00e3o publicou ontem um registro importante do regime militar: a <a href=\"http:\/\/www.estadao.com.br\/interatividade\/Multimidia\/ShowEspeciais!destaque.action?destaque.idEspeciais=876\">grava\u00e7\u00e3o completa<\/a> da reuni\u00e3o que confirmou o Ato Institucional N\u00famero 5, de 1968. Aberta pelo ent\u00e3o presidente Costa e Silva, a reuni\u00e3o cont\u00e9m os posicionamentos de membros do governo da \u00e9poca, como Pedro Aleixo, vice-presidente e \u00fanico voto contr\u00e1rio ao Ato. Entre outros, falam Jarbas Passarinho, ministro do Trabalho, Delfim Neto, ministro da Fazenda, Lira Tavares, ministro do Ex\u00e9rcito, Augusto Rademaker, ministro da Marinha e Em\u00edlio Garrastazu M\u00e9dici, chefe do SNI.<\/p>\n<p>Apesar de juridicamente conden\u00e1vel, conforme exposto pelo vice-presidente, o Ato \u00e9 julgado como necess\u00e1rio pelos outros participantes da reuni\u00e3o. E assim nasceu o AI-5, instrumento para conter a subvers\u00e3o e manter a ordem, dado o contexto pol\u00edtico nacional e mundial.<\/p>\n<p>A transcri\u00e7\u00e3o desta reuni\u00e3o \u00e9 p\u00fablica e pode ser lida <a href=\"http:\/\/www.ig.com.br\/paginas\/uslinks\/ai5\/ai5_a.html\">neste site<\/a>.<\/p>\n<p>No momento, acho que cabe a leitura do artigo &#8220;A verdade incomoda&#8221;, de Jarbas Passarinho, publicado no Estad\u00e3o em 9 de abril de 2002, e transcrito <a href=\"http:\/\/www.sptrans.com.br\/clipping_anteriores\/2002\/abril2002\/clipping090402\/pagina1.htm#Geral5\">neste site<\/a>.<\/p>\n","protected":false},"excerpt":{"rendered":"<p>O site do Estad\u00e3o publicou ontem um registro importante do regime militar: a grava\u00e7\u00e3o completa da reuni\u00e3o que confirmou o Ato Institucional N\u00famero 5, de 1968. Aberta pelo ent\u00e3o presidente Costa e Silva, a reuni\u00e3o cont\u00e9m os posicionamentos de membros &hellip; <a href=\"https:\/\/www.subterfugios.net\/blog\/reuniao-do-ai-5\/\">Continue lendo <span class=\"meta-nav\">&rarr;<\/span><\/a><\/p>\n","protected":false},"author":1,"featured_media":0,"comment_status":"open","ping_status":"open","sticky":false,"template":"","format":"standard","meta":{"_monsterinsights_skip_tracking":false,"_monsterinsights_sitenote_active":false,"_monsterinsights_sitenote_note":"","_monsterinsights_sitenote_category":0,"jetpack_post_was_ever_published":false,"_jetpack_newsletter_access":"","_jetpack_dont_email_post_to_subs":false,"_jetpack_newsletter_tier_id":0,"_jetpack_memberships_contains_paywalled_content":false,"_jetpack_memberships_contains_paid_content":false,"footnotes":"","jetpack_publicize_message":"","jetpack_publicize_feature_enabled":true,"jetpack_social_post_already_shared":false,"jetpack_social_options":{"image_generator_settings":{"template":"highway","enabled":false},"version":2}},"categories":[1],"tags":[],"class_list":["post-196","post","type-post","status-publish","format-standard","hentry","category-etc"],"jetpack_publicize_connections":[],"jetpack_featured_media_url":"","jetpack_shortlink":"https:\/\/wp.me\/pAkyI-3a","jetpack_sharing_enabled":true,"_links":{"self":[{"href":"https:\/\/www.subterfugios.net\/blog\/wp-json\/wp\/v2\/posts\/196","targetHints":{"allow":["GET"]}}],"collection":[{"href":"https:\/\/www.subterfugios.net\/blog\/wp-json\/wp\/v2\/posts"}],"about":[{"href":"https:\/\/www.subterfugios.net\/blog\/wp-json\/wp\/v2\/types\/post"}],"author":[{"embeddable":true,"href":"https:\/\/www.subterfugios.net\/blog\/wp-json\/wp\/v2\/users\/1"}],"replies":[{"embeddable":true,"href":"https:\/\/www.subterfugios.net\/blog\/wp-json\/wp\/v2\/comments?post=196"}],"version-history":[{"count":0,"href":"https:\/\/www.subterfugios.net\/blog\/wp-json\/wp\/v2\/posts\/196\/revisions"}],"wp:attachment":[{"href":"https:\/\/www.subterfugios.net\/blog\/wp-json\/wp\/v2\/media?parent=196"}],"wp:term":[{"taxonomy":"category","embeddable":true,"href":"https:\/\/www.subterfugios.net\/blog\/wp-json\/wp\/v2\/categories?post=196"},{"taxonomy":"post_tag","embeddable":true,"href":"https:\/\/www.subterfugios.net\/blog\/wp-json\/wp\/v2\/tags?post=196"}],"curies":[{"name":"wp","href":"https:\/\/api.w.org\/{rel}","templated":true}]}}