{"id":108,"date":"2005-12-09T14:05:08","date_gmt":"2005-12-09T12:05:08","guid":{"rendered":"http:\/\/www.subterfugios.net\/blog\/?p=108"},"modified":"2005-12-09T19:23:38","modified_gmt":"2005-12-09T17:23:38","slug":"audioslave-em-cuba-em-dvd","status":"publish","type":"post","link":"https:\/\/www.subterfugios.net\/blog\/audioslave-em-cuba-em-dvd\/","title":{"rendered":"Audioslave em Cuba, em DVD"},"content":{"rendered":"<p>Estou assistindo ao DVD do Audioslave em Cuba. Consiste nas m\u00fasicas do concerto em Havana, intercaladas com as perip\u00e9cias e entrevistas dos caras por Cuba.<\/p>\n<p>Apesar do Audioslave ser uma banda de identidade e car\u00e1ter, \u00e9 fato que s\u00e3o tamb\u00e9m uma superprodu\u00e7\u00e3o. S\u00e3o um megaespet\u00e1culo, pop. O interessante nessas filmagens \u00e9 a mistura &#8211; n\u00e3o necessariamente integra\u00e7\u00e3o &#8211; dessa superbanda com toda a atmosfera antiimperialista de Havana. Atmosfera apenas, pois, naturalmente, nem o concerto nem os passeios tiveram qualquer conota\u00e7\u00e3o pol\u00edtica. Mas o pov\u00e3o estava l\u00e1, estava todo mundo ouvindo a m\u00fasica, vendo a banda, e imagino que todos com o mesmo pensamento. &#8220;Que coisa louca, esses caras, popstars da Am\u00e9rica, tocando aqui, no meio dessa montoeira de imagens do Che.&#8221; Talvez seja somente a ant\u00edtese do rock. T\u00e3o popular na Am\u00e9rica Latina, em ingl\u00eas. And it doesn&#8217;t remind me of anything. Creio que, fora os pr\u00f3prios pa\u00edses origin\u00e1rios, somos os maiores consumidores de rock. Pop rock, british pop, american rock. Talvez seja uma fonte de energia compat\u00edvel com nossas origens, ou um mercado emergente, ou um interc\u00e2mbio cultural, ou uma fantasia que gostamos de trajar.<\/p>\n","protected":false},"excerpt":{"rendered":"<p>Estou assistindo ao DVD do Audioslave em Cuba. Consiste nas m\u00fasicas do concerto em Havana, intercaladas com as perip\u00e9cias e entrevistas dos caras por Cuba. Apesar do Audioslave ser uma banda de identidade e car\u00e1ter, \u00e9 fato que s\u00e3o tamb\u00e9m &hellip; <a href=\"https:\/\/www.subterfugios.net\/blog\/audioslave-em-cuba-em-dvd\/\">Continue lendo <span class=\"meta-nav\">&rarr;<\/span><\/a><\/p>\n","protected":false},"author":1,"featured_media":0,"comment_status":"open","ping_status":"open","sticky":false,"template":"","format":"standard","meta":{"_monsterinsights_skip_tracking":false,"_monsterinsights_sitenote_active":false,"_monsterinsights_sitenote_note":"","_monsterinsights_sitenote_category":0,"jetpack_post_was_ever_published":false,"_jetpack_newsletter_access":"","_jetpack_dont_email_post_to_subs":false,"_jetpack_newsletter_tier_id":0,"_jetpack_memberships_contains_paywalled_content":false,"_jetpack_memberships_contains_paid_content":false,"footnotes":"","jetpack_publicize_message":"","jetpack_publicize_feature_enabled":true,"jetpack_social_post_already_shared":false,"jetpack_social_options":{"image_generator_settings":{"template":"highway","enabled":false},"version":2}},"categories":[1],"tags":[],"class_list":["post-108","post","type-post","status-publish","format-standard","hentry","category-etc"],"jetpack_publicize_connections":[],"jetpack_featured_media_url":"","jetpack_shortlink":"https:\/\/wp.me\/pAkyI-1K","jetpack_sharing_enabled":true,"_links":{"self":[{"href":"https:\/\/www.subterfugios.net\/blog\/wp-json\/wp\/v2\/posts\/108","targetHints":{"allow":["GET"]}}],"collection":[{"href":"https:\/\/www.subterfugios.net\/blog\/wp-json\/wp\/v2\/posts"}],"about":[{"href":"https:\/\/www.subterfugios.net\/blog\/wp-json\/wp\/v2\/types\/post"}],"author":[{"embeddable":true,"href":"https:\/\/www.subterfugios.net\/blog\/wp-json\/wp\/v2\/users\/1"}],"replies":[{"embeddable":true,"href":"https:\/\/www.subterfugios.net\/blog\/wp-json\/wp\/v2\/comments?post=108"}],"version-history":[{"count":0,"href":"https:\/\/www.subterfugios.net\/blog\/wp-json\/wp\/v2\/posts\/108\/revisions"}],"wp:attachment":[{"href":"https:\/\/www.subterfugios.net\/blog\/wp-json\/wp\/v2\/media?parent=108"}],"wp:term":[{"taxonomy":"category","embeddable":true,"href":"https:\/\/www.subterfugios.net\/blog\/wp-json\/wp\/v2\/categories?post=108"},{"taxonomy":"post_tag","embeddable":true,"href":"https:\/\/www.subterfugios.net\/blog\/wp-json\/wp\/v2\/tags?post=108"}],"curies":[{"name":"wp","href":"https:\/\/api.w.org\/{rel}","templated":true}]}}