{"id":820,"date":"2011-03-22T21:01:27","date_gmt":"2011-03-23T00:01:27","guid":{"rendered":"http:\/\/www.subterfugios.net\/blog\/?p=820"},"modified":"2011-03-22T21:01:27","modified_gmt":"2011-03-23T00:01:27","slug":"baia-de-guaratuba-as-segundas-feiras","status":"publish","type":"post","link":"http:\/\/www.subterfugios.net\/blog\/baia-de-guaratuba-as-segundas-feiras\/","title":{"rendered":"Ba\u00eda de Guaratuba \u00e0s segundas-feiras"},"content":{"rendered":"<p><img loading=\"lazy\" decoding=\"async\" src=\"http:\/\/www.subterfugios.net\/blog\/wp-content\/uploads\/2011\/03\/guaratuba_filtered-1024x764.jpg\" alt=\"\" title=\"Ba\u00eda de Guaratuba\" width=\"640\" height=\"477\" class=\"aligncenter size-large wp-image-821\" srcset=\"https:\/\/www.subterfugios.net\/blog\/wp-content\/uploads\/2011\/03\/guaratuba_filtered-1024x764.jpg 1024w, https:\/\/www.subterfugios.net\/blog\/wp-content\/uploads\/2011\/03\/guaratuba_filtered-300x224.jpg 300w, https:\/\/www.subterfugios.net\/blog\/wp-content\/uploads\/2011\/03\/guaratuba_filtered.jpg 1296w\" sizes=\"auto, (max-width: 640px) 100vw, 640px\" \/><\/p>\n<p><div id=\"attachment_822\" style=\"width: 310px\" class=\"wp-caption alignright\"><a href=\"http:\/\/www.subterfugios.net\/blog\/wp-content\/uploads\/2011\/03\/guara-angulo.jpg\"><img loading=\"lazy\" decoding=\"async\" aria-describedby=\"caption-attachment-822\" src=\"http:\/\/www.subterfugios.net\/blog\/wp-content\/uploads\/2011\/03\/guara-angulo-300x163.jpg\" alt=\"\" title=\"\u00c2ngulo e \u00e1rea da foto\" width=\"300\" height=\"163\" class=\"size-medium wp-image-822\" srcset=\"https:\/\/www.subterfugios.net\/blog\/wp-content\/uploads\/2011\/03\/guara-angulo-300x163.jpg 300w, https:\/\/www.subterfugios.net\/blog\/wp-content\/uploads\/2011\/03\/guara-angulo.jpg 513w\" sizes=\"auto, (max-width: 300px) 100vw, 300px\" \/><\/a><p id=\"caption-attachment-822\" class=\"wp-caption-text\">Campo de vis\u00e3o da fotografia (aproximado)<\/p><\/div> \u00c9 assim que a Ba\u00eda de Guaratuba fica \u00e0s segundas-feiras. Tirei essa foto ontem, com o celular, de dentro do ferry-boat. Eram 8:23 da manh\u00e3 e eu ia no sentido Caiob\u00e1-Guaratuba. Pelo que entendo, o primeiro cocuruto \u00e0 direita, l\u00e1 no fundo, \u00e9 a Ilha do Farol, tendo \u00e0 esquerda o Morro do Boi. Ambos formam a pen\u00ednsula que fica \u00e0 esquerda da Praia Mansa de Caiob\u00e1.<\/p>\n","protected":false},"excerpt":{"rendered":"<p>\u00c9 assim que a Ba\u00eda de Guaratuba fica \u00e0s segundas-feiras. Tirei essa foto ontem, com o celular, de dentro do ferry-boat. Eram 8:23 da manh\u00e3 e eu ia no sentido Caiob\u00e1-Guaratuba. Pelo que entendo, o primeiro cocuruto \u00e0 direita, l\u00e1 &hellip; <a href=\"http:\/\/www.subterfugios.net\/blog\/baia-de-guaratuba-as-segundas-feiras\/\">Continue lendo <span class=\"meta-nav\">&rarr;<\/span><\/a><\/p>\n","protected":false},"author":1,"featured_media":0,"comment_status":"open","ping_status":"open","sticky":false,"template":"","format":"standard","meta":{"_monsterinsights_skip_tracking":false,"_monsterinsights_sitenote_active":false,"_monsterinsights_sitenote_note":"","_monsterinsights_sitenote_category":0,"jetpack_post_was_ever_published":false,"_jetpack_newsletter_access":"","_jetpack_dont_email_post_to_subs":false,"_jetpack_newsletter_tier_id":0,"_jetpack_memberships_contains_paywalled_content":false,"_jetpack_memberships_contains_paid_content":false,"footnotes":"","jetpack_publicize_message":"","jetpack_publicize_feature_enabled":true,"jetpack_social_post_already_shared":false,"jetpack_social_options":{"image_generator_settings":{"template":"highway","enabled":false},"version":2}},"categories":[1],"tags":[],"class_list":["post-820","post","type-post","status-publish","format-standard","hentry","category-etc"],"jetpack_publicize_connections":[],"jetpack_featured_media_url":"","jetpack_shortlink":"https:\/\/wp.me\/pAkyI-de","jetpack_sharing_enabled":true,"_links":{"self":[{"href":"http:\/\/www.subterfugios.net\/blog\/wp-json\/wp\/v2\/posts\/820","targetHints":{"allow":["GET"]}}],"collection":[{"href":"http:\/\/www.subterfugios.net\/blog\/wp-json\/wp\/v2\/posts"}],"about":[{"href":"http:\/\/www.subterfugios.net\/blog\/wp-json\/wp\/v2\/types\/post"}],"author":[{"embeddable":true,"href":"http:\/\/www.subterfugios.net\/blog\/wp-json\/wp\/v2\/users\/1"}],"replies":[{"embeddable":true,"href":"http:\/\/www.subterfugios.net\/blog\/wp-json\/wp\/v2\/comments?post=820"}],"version-history":[{"count":9,"href":"http:\/\/www.subterfugios.net\/blog\/wp-json\/wp\/v2\/posts\/820\/revisions"}],"predecessor-version":[{"id":831,"href":"http:\/\/www.subterfugios.net\/blog\/wp-json\/wp\/v2\/posts\/820\/revisions\/831"}],"wp:attachment":[{"href":"http:\/\/www.subterfugios.net\/blog\/wp-json\/wp\/v2\/media?parent=820"}],"wp:term":[{"taxonomy":"category","embeddable":true,"href":"http:\/\/www.subterfugios.net\/blog\/wp-json\/wp\/v2\/categories?post=820"},{"taxonomy":"post_tag","embeddable":true,"href":"http:\/\/www.subterfugios.net\/blog\/wp-json\/wp\/v2\/tags?post=820"}],"curies":[{"name":"wp","href":"https:\/\/api.w.org\/{rel}","templated":true}]}}