{"id":687,"date":"2011-02-20T10:19:21","date_gmt":"2011-02-20T13:19:21","guid":{"rendered":"http:\/\/www.subterfugios.net\/blog\/?p=687"},"modified":"2012-06-17T17:12:01","modified_gmt":"2012-06-17T20:12:01","slug":"contra-por-do-sol-no-rio-da-prata","status":"publish","type":"post","link":"http:\/\/www.subterfugios.net\/blog\/contra-por-do-sol-no-rio-da-prata\/","title":{"rendered":"Contra p\u00f4r do sol no Rio da Prata"},"content":{"rendered":"<p><img loading=\"lazy\" decoding=\"async\" src=\"http:\/\/www.subterfugios.net\/blog\/wp-content\/uploads\/2011\/02\/IMG_0332.jpg\" alt=\"P\u00f4r do Sol no Rio da Prata\" title=\"P\u00f4r do Sol no Rio da Prata\" width=\"498\" height=\"640\" class=\"aligncenter size-full wp-image-688\" srcset=\"https:\/\/www.subterfugios.net\/blog\/wp-content\/uploads\/2011\/02\/IMG_0332.jpg 498w, https:\/\/www.subterfugios.net\/blog\/wp-content\/uploads\/2011\/02\/IMG_0332-233x300.jpg 233w\" sizes=\"auto, (max-width: 498px) 100vw, 498px\" \/><\/p>\n<p>Em torno das 19h do dia 15 de fevereiro de 2011, v\u00f4o Pluna PU 173 Montevid\u00e9u\/Buenos Aires. A aeronave \u00e9 um Bombardier CRJ900 NextGen. O avi\u00e3o sobrevoa o Rio da Prata, no sentido leste-oeste. Na foto, tirada com um iPhone 4, a vista \u00e9 para o norte, tendo em destaque a cidade de Montevid\u00e9u.<\/p>\n<p>***<br \/>\nBastidores:<\/p>\n<ul>\n<li>Precisei procurar no Google para saber se p\u00f4r do sol ainda tinha h\u00edfen. N\u00e3o tem mais. Bobagem, n\u00e9. Semanticamente, parece-me o estere\u00f3tipo da palavra composta, que mereceria h\u00edfen.<\/li>\n<li>&#8220;Contra p\u00f4r do sol&#8221; \u00e9 uma express\u00e3o que acabei de cunhar. Significa a vista oposta do p\u00f4r do sol.<\/li>\n<li>O nome completo do CRJ900 \u00e9 &#8220;Canadair Regional Jet 900 NextGen&#8221;, mas a empresa \u00e9 Bombardier e a marca Canadair deve ser abandonada definitivamente nos pr\u00f3ximos modelos.<\/li>\n<\/ul>\n","protected":false},"excerpt":{"rendered":"<p>Em torno das 19h do dia 15 de fevereiro de 2011, v\u00f4o Pluna PU 173 Montevid\u00e9u\/Buenos Aires. A aeronave \u00e9 um Bombardier CRJ900 NextGen. O avi\u00e3o sobrevoa o Rio da Prata, no sentido leste-oeste. Na foto, tirada com um iPhone &hellip; <a href=\"http:\/\/www.subterfugios.net\/blog\/contra-por-do-sol-no-rio-da-prata\/\">Continue lendo <span class=\"meta-nav\">&rarr;<\/span><\/a><\/p>\n","protected":false},"author":1,"featured_media":0,"comment_status":"open","ping_status":"open","sticky":false,"template":"","format":"standard","meta":{"_monsterinsights_skip_tracking":false,"_monsterinsights_sitenote_active":false,"_monsterinsights_sitenote_note":"","_monsterinsights_sitenote_category":0,"jetpack_post_was_ever_published":false,"_jetpack_newsletter_access":"","_jetpack_dont_email_post_to_subs":false,"_jetpack_newsletter_tier_id":0,"_jetpack_memberships_contains_paywalled_content":false,"_jetpack_memberships_contains_paid_content":false,"footnotes":"","jetpack_publicize_message":"","jetpack_publicize_feature_enabled":true,"jetpack_social_post_already_shared":false,"jetpack_social_options":{"image_generator_settings":{"template":"highway","enabled":false},"version":2}},"categories":[14],"tags":[],"class_list":["post-687","post","type-post","status-publish","format-standard","hentry","category-fotografia"],"jetpack_publicize_connections":[],"jetpack_featured_media_url":"","jetpack_shortlink":"https:\/\/wp.me\/pAkyI-b5","jetpack_sharing_enabled":true,"_links":{"self":[{"href":"http:\/\/www.subterfugios.net\/blog\/wp-json\/wp\/v2\/posts\/687","targetHints":{"allow":["GET"]}}],"collection":[{"href":"http:\/\/www.subterfugios.net\/blog\/wp-json\/wp\/v2\/posts"}],"about":[{"href":"http:\/\/www.subterfugios.net\/blog\/wp-json\/wp\/v2\/types\/post"}],"author":[{"embeddable":true,"href":"http:\/\/www.subterfugios.net\/blog\/wp-json\/wp\/v2\/users\/1"}],"replies":[{"embeddable":true,"href":"http:\/\/www.subterfugios.net\/blog\/wp-json\/wp\/v2\/comments?post=687"}],"version-history":[{"count":8,"href":"http:\/\/www.subterfugios.net\/blog\/wp-json\/wp\/v2\/posts\/687\/revisions"}],"predecessor-version":[{"id":1371,"href":"http:\/\/www.subterfugios.net\/blog\/wp-json\/wp\/v2\/posts\/687\/revisions\/1371"}],"wp:attachment":[{"href":"http:\/\/www.subterfugios.net\/blog\/wp-json\/wp\/v2\/media?parent=687"}],"wp:term":[{"taxonomy":"category","embeddable":true,"href":"http:\/\/www.subterfugios.net\/blog\/wp-json\/wp\/v2\/categories?post=687"},{"taxonomy":"post_tag","embeddable":true,"href":"http:\/\/www.subterfugios.net\/blog\/wp-json\/wp\/v2\/tags?post=687"}],"curies":[{"name":"wp","href":"https:\/\/api.w.org\/{rel}","templated":true}]}}