{"id":66,"date":"2005-05-27T11:11:05","date_gmt":"2005-05-27T09:11:05","guid":{"rendered":"http:\/\/www.subterfugios.net\/blog\/arquivos\/2005\/05\/27\/marco-da-ilha-das-fotos\/"},"modified":"2005-05-27T11:11:58","modified_gmt":"2005-05-27T09:11:58","slug":"marco-da-ilha-das-fotos","status":"publish","type":"post","link":"http:\/\/www.subterfugios.net\/blog\/marco-da-ilha-das-fotos\/","title":{"rendered":"Marco da Ilha das Fotos"},"content":{"rendered":"<p>O Marco colocou no site dele as <a href=\"http:\/\/www.garbelini.net\/modules\/4images\/categories.php?cat_id=59\">f<\/a>otos que tirou durante nossa viagem para a Ilha de Mo\u00e7ambique, no \u00faltimo final de semana.<\/p>\n<p><img decoding=\"async\" src=\"http:\/\/www.garbelini.net\/modules\/4images\/data\/media\/59\/2005_05_21_10_51_12.jpg\" alt=\"Ilha de Mo\u00e7ambique\" \/><\/p>\n<p>(O t\u00edtulo desse post ficou meio Gilberto Gil.)<\/p>\n","protected":false},"excerpt":{"rendered":"<p>O Marco colocou no site dele as fotos que tirou durante nossa viagem para a Ilha de Mo\u00e7ambique, no \u00faltimo final de semana. (O t\u00edtulo desse post ficou meio Gilberto Gil.)<\/p>\n","protected":false},"author":1,"featured_media":0,"comment_status":"open","ping_status":"open","sticky":false,"template":"","format":"standard","meta":{"_monsterinsights_skip_tracking":false,"_monsterinsights_sitenote_active":false,"_monsterinsights_sitenote_note":"","_monsterinsights_sitenote_category":0,"jetpack_post_was_ever_published":false,"_jetpack_newsletter_access":"","_jetpack_dont_email_post_to_subs":false,"_jetpack_newsletter_tier_id":0,"_jetpack_memberships_contains_paywalled_content":false,"_jetpack_memberships_contains_paid_content":false,"footnotes":"","jetpack_publicize_message":"","jetpack_publicize_feature_enabled":true,"jetpack_social_post_already_shared":false,"jetpack_social_options":{"image_generator_settings":{"template":"highway","enabled":false},"version":2}},"categories":[1],"tags":[],"class_list":["post-66","post","type-post","status-publish","format-standard","hentry","category-etc"],"jetpack_publicize_connections":[],"jetpack_featured_media_url":"","jetpack_shortlink":"https:\/\/wp.me\/pAkyI-14","jetpack_sharing_enabled":true,"_links":{"self":[{"href":"http:\/\/www.subterfugios.net\/blog\/wp-json\/wp\/v2\/posts\/66","targetHints":{"allow":["GET"]}}],"collection":[{"href":"http:\/\/www.subterfugios.net\/blog\/wp-json\/wp\/v2\/posts"}],"about":[{"href":"http:\/\/www.subterfugios.net\/blog\/wp-json\/wp\/v2\/types\/post"}],"author":[{"embeddable":true,"href":"http:\/\/www.subterfugios.net\/blog\/wp-json\/wp\/v2\/users\/1"}],"replies":[{"embeddable":true,"href":"http:\/\/www.subterfugios.net\/blog\/wp-json\/wp\/v2\/comments?post=66"}],"version-history":[{"count":0,"href":"http:\/\/www.subterfugios.net\/blog\/wp-json\/wp\/v2\/posts\/66\/revisions"}],"wp:attachment":[{"href":"http:\/\/www.subterfugios.net\/blog\/wp-json\/wp\/v2\/media?parent=66"}],"wp:term":[{"taxonomy":"category","embeddable":true,"href":"http:\/\/www.subterfugios.net\/blog\/wp-json\/wp\/v2\/categories?post=66"},{"taxonomy":"post_tag","embeddable":true,"href":"http:\/\/www.subterfugios.net\/blog\/wp-json\/wp\/v2\/tags?post=66"}],"curies":[{"name":"wp","href":"https:\/\/api.w.org\/{rel}","templated":true}]}}