{"id":659,"date":"2011-02-06T00:49:22","date_gmt":"2011-02-06T03:49:22","guid":{"rendered":"http:\/\/www.subterfugios.net\/blog\/?p=659"},"modified":"2011-02-06T00:49:22","modified_gmt":"2011-02-06T03:49:22","slug":"novo-layout-do-subterfugios","status":"publish","type":"post","link":"http:\/\/www.subterfugios.net\/blog\/novo-layout-do-subterfugios\/","title":{"rendered":"Novo layout do Subterf\u00fagios"},"content":{"rendered":"<p>Ueba! Atualizei template do blog. J\u00e1 fazia tempo que estava com essa vontade. Havia algumas raz\u00f5es para mudar:<\/p>\n<ul>\n<li>O tema anterior era muito antigo, n\u00e3o suportava os plugins e widgets mais novos. E era pouco configur\u00e1vel pela administra\u00e7\u00e3o.<\/li>\n<li>Alargar a coluna de texto, aumentando a fonte. Assim fica mais leg\u00edvel, mais alegre. E tamb\u00e9m cabem fotos maiores.<\/li>\n<li>Finalmente e mais importante: para mudar mesmo, dar uma refrescada no visu. ;-)<\/li>\n<\/ul>\n<p>Estou com o WordPress novinho e o tema padr\u00e3o adaptado. O layout anterior tamb\u00e9m era o padr\u00e3o adaptado, s\u00f3 que daquela \u00e9poca e vers\u00e3o. Tenho a impress\u00e3o que uso este layout desde que comecei o blog, em 2004.<\/p>\n<p><img loading=\"lazy\" decoding=\"async\" class=\"alignright size-full wp-image-660\" title=\"Subterf\u00fagios - Mozilla Firefox_2011-02-05_13-03-35\" src=\"http:\/\/www.subterfugios.net\/blog\/wp-content\/uploads\/2011\/02\/Subterf\u00fagios-Mozilla-Firefox_2011-02-05_13-03-35.jpg\" alt=\"\" width=\"751\" height=\"614\" srcset=\"https:\/\/www.subterfugios.net\/blog\/wp-content\/uploads\/2011\/02\/Subterf\u00fagios-Mozilla-Firefox_2011-02-05_13-03-35.jpg 751w, https:\/\/www.subterfugios.net\/blog\/wp-content\/uploads\/2011\/02\/Subterf\u00fagios-Mozilla-Firefox_2011-02-05_13-03-35-300x245.jpg 300w\" sizes=\"auto, (max-width: 751px) 100vw, 751px\" \/><\/p>\n<p>Desse cabe\u00e7alho anterior, a foto era o meu p\u00e9. Estava em Inhambane, praia a 350 km ao norte de Maputo, Mo\u00e7ambique. Pirando sozinho com minha c\u00e2mera, uma SLR Minolta de filme, e tirei a foto olhando para baixo. Estava encostado na mureta de uma palho\u00e7a onde se tomava caf\u00e9 da manh\u00e3. O nome da pousada era Fatima&#8217;s Nest, e ficava de frente para a maravilhosa praia de Tofo.<\/p>\n<p>Os p\u00e9s brancos, brasileiros, sujos, de Havaianas cl\u00e1ssicas, nas grossas areias da praia de Tofo, recanto praiano sofisticado do sofrido Mo\u00e7ambique. Bastante simb\u00f3lica.<\/p>\n<p>N\u00e3o foi pelo simbolismo que coloquei no blog, mas pela simplicidade. Meu p\u00e9 na areia, nada mais. Sem muitas pretens\u00f5es, mas aproveitando a vida, como o blog.<\/p>\n<p><a href=\"http:\/\/www.subterfugios.net\/blog\/wp-content\/uploads\/2011\/02\/cabecalho.jpg\"><img loading=\"lazy\" decoding=\"async\" src=\"http:\/\/www.subterfugios.net\/blog\/wp-content\/uploads\/2011\/02\/cabecalho-300x47.jpg\" alt=\"\" title=\"Cabe\u00e7alho Marcelino\" width=\"300\" height=\"47\" class=\"alignleft size-medium wp-image-672\" srcset=\"https:\/\/www.subterfugios.net\/blog\/wp-content\/uploads\/2011\/02\/cabecalho-300x47.jpg 300w, https:\/\/www.subterfugios.net\/blog\/wp-content\/uploads\/2011\/02\/cabecalho-930x149.jpg 930w, https:\/\/www.subterfugios.net\/blog\/wp-content\/uploads\/2011\/02\/cabecalho.jpg 940w\" sizes=\"auto, (max-width: 300px) 100vw, 300px\" \/><\/a><\/p>\n<p>A nova imagem do cabe\u00e7alho \u00e9 na Ch\u00e1cara Espig\u00e3o, Col\u00f4nia Marcelino, S\u00e3o Jos\u00e9 dos Pinhais, Brasil. Tamb\u00e9m simb\u00f3lica, tambem simples, tamb\u00e9m bela. Um certo bucolismo, um pouco de companhia, um pouco de solid\u00e3o. Levemente gr\u00e1fica, levemente sonora. A terra \u00e9 p\u00e1lida, mas a grama \u00e9 verde. O fim da estrada, ningu\u00e9m v\u00ea.<\/p>\n","protected":false},"excerpt":{"rendered":"<p>Ueba! Atualizei template do blog. J\u00e1 fazia tempo que estava com essa vontade. Havia algumas raz\u00f5es para mudar: O tema anterior era muito antigo, n\u00e3o suportava os plugins e widgets mais novos. E era pouco configur\u00e1vel pela administra\u00e7\u00e3o. Alargar a &hellip; <a href=\"http:\/\/www.subterfugios.net\/blog\/novo-layout-do-subterfugios\/\">Continue lendo <span class=\"meta-nav\">&rarr;<\/span><\/a><\/p>\n","protected":false},"author":1,"featured_media":0,"comment_status":"open","ping_status":"open","sticky":false,"template":"","format":"standard","meta":{"_monsterinsights_skip_tracking":false,"_monsterinsights_sitenote_active":false,"_monsterinsights_sitenote_note":"","_monsterinsights_sitenote_category":0,"jetpack_post_was_ever_published":false,"_jetpack_newsletter_access":"","_jetpack_dont_email_post_to_subs":false,"_jetpack_newsletter_tier_id":0,"_jetpack_memberships_contains_paywalled_content":false,"_jetpack_memberships_contains_paid_content":false,"footnotes":"","jetpack_publicize_message":"","jetpack_publicize_feature_enabled":true,"jetpack_social_post_already_shared":false,"jetpack_social_options":{"image_generator_settings":{"template":"highway","enabled":false},"version":2}},"categories":[1],"tags":[],"class_list":["post-659","post","type-post","status-publish","format-standard","hentry","category-etc"],"jetpack_publicize_connections":[],"jetpack_featured_media_url":"","jetpack_shortlink":"https:\/\/wp.me\/pAkyI-aD","jetpack_sharing_enabled":true,"_links":{"self":[{"href":"http:\/\/www.subterfugios.net\/blog\/wp-json\/wp\/v2\/posts\/659","targetHints":{"allow":["GET"]}}],"collection":[{"href":"http:\/\/www.subterfugios.net\/blog\/wp-json\/wp\/v2\/posts"}],"about":[{"href":"http:\/\/www.subterfugios.net\/blog\/wp-json\/wp\/v2\/types\/post"}],"author":[{"embeddable":true,"href":"http:\/\/www.subterfugios.net\/blog\/wp-json\/wp\/v2\/users\/1"}],"replies":[{"embeddable":true,"href":"http:\/\/www.subterfugios.net\/blog\/wp-json\/wp\/v2\/comments?post=659"}],"version-history":[{"count":16,"href":"http:\/\/www.subterfugios.net\/blog\/wp-json\/wp\/v2\/posts\/659\/revisions"}],"predecessor-version":[{"id":677,"href":"http:\/\/www.subterfugios.net\/blog\/wp-json\/wp\/v2\/posts\/659\/revisions\/677"}],"wp:attachment":[{"href":"http:\/\/www.subterfugios.net\/blog\/wp-json\/wp\/v2\/media?parent=659"}],"wp:term":[{"taxonomy":"category","embeddable":true,"href":"http:\/\/www.subterfugios.net\/blog\/wp-json\/wp\/v2\/categories?post=659"},{"taxonomy":"post_tag","embeddable":true,"href":"http:\/\/www.subterfugios.net\/blog\/wp-json\/wp\/v2\/tags?post=659"}],"curies":[{"name":"wp","href":"https:\/\/api.w.org\/{rel}","templated":true}]}}