{"id":1325,"date":"2012-06-17T09:07:26","date_gmt":"2012-06-17T12:07:26","guid":{"rendered":"http:\/\/www.subterfugios.net\/blog\/?p=1325"},"modified":"2012-06-17T09:07:26","modified_gmt":"2012-06-17T12:07:26","slug":"fotos-do-segundo-trimestre-de-2012","status":"publish","type":"post","link":"http:\/\/www.subterfugios.net\/blog\/fotos-do-segundo-trimestre-de-2012\/","title":{"rendered":"Fotos do Segundo Trimestre de 2012"},"content":{"rendered":"<p>A seguir, alguns momentos capturados nos \u00faltimos meses. Comme toujours, clique para ampliar.<\/p>\n<div id=\"attachment_1326\" style=\"width: 650px\" class=\"wp-caption aligncenter\"><a href=\"http:\/\/www.subterfugios.net\/blog\/wp-content\/uploads\/2012\/06\/arco-iris.jpg\"><img loading=\"lazy\" decoding=\"async\" aria-describedby=\"caption-attachment-1326\" class=\"size-large wp-image-1326\" title=\"Arco-\u00edris\" src=\"http:\/\/www.subterfugios.net\/blog\/wp-content\/uploads\/2012\/06\/arco-iris-1024x682.jpg\" alt=\"\" width=\"640\" height=\"426\" srcset=\"https:\/\/www.subterfugios.net\/blog\/wp-content\/uploads\/2012\/06\/arco-iris-1024x682.jpg 1024w, https:\/\/www.subterfugios.net\/blog\/wp-content\/uploads\/2012\/06\/arco-iris-300x200.jpg 300w, https:\/\/www.subterfugios.net\/blog\/wp-content\/uploads\/2012\/06\/arco-iris.jpg 1200w\" sizes=\"auto, (max-width: 640px) 100vw, 640px\" \/><\/a><p id=\"caption-attachment-1326\" class=\"wp-caption-text\"><strong>Arco-\u00edris no milharal.<\/strong><br \/>Esses emba\u00e7ados nos cantos n\u00e3o s\u00e3o efeito de Instagram, \u00e9 que estavam chovendo e ca\u00edram umas gotas na lente. Col\u00f4nia Marcelino, abril\/2012.<\/p><\/div>\n<div id=\"attachment_1330\" style=\"width: 650px\" class=\"wp-caption aligncenter\"><a href=\"http:\/\/www.subterfugios.net\/blog\/wp-content\/uploads\/2012\/06\/pia.jpg\"><img loading=\"lazy\" decoding=\"async\" aria-describedby=\"caption-attachment-1330\" class=\"size-large wp-image-1330\" title=\"Pi\u00e1\" src=\"http:\/\/www.subterfugios.net\/blog\/wp-content\/uploads\/2012\/06\/pia-1024x682.jpg\" alt=\"\" width=\"640\" height=\"426\" srcset=\"https:\/\/www.subterfugios.net\/blog\/wp-content\/uploads\/2012\/06\/pia-1024x682.jpg 1024w, https:\/\/www.subterfugios.net\/blog\/wp-content\/uploads\/2012\/06\/pia-300x200.jpg 300w, https:\/\/www.subterfugios.net\/blog\/wp-content\/uploads\/2012\/06\/pia.jpg 1200w\" sizes=\"auto, (max-width: 640px) 100vw, 640px\" \/><\/a><p id=\"caption-attachment-1330\" class=\"wp-caption-text\">Esse \u00e9 o pi\u00e1 puxando carrinho na ro\u00e7a. Col\u00f4nia Marcelino, abril\/2012.<\/p><\/div>\n<div id=\"attachment_1334\" style=\"width: 650px\" class=\"wp-caption aligncenter\"><a href=\"http:\/\/www.subterfugios.net\/blog\/wp-content\/uploads\/2012\/06\/ceus-cercados.jpg\"><img loading=\"lazy\" decoding=\"async\" aria-describedby=\"caption-attachment-1334\" class=\"size-large wp-image-1334\" title=\"C\u00e9us cercados\" src=\"http:\/\/www.subterfugios.net\/blog\/wp-content\/uploads\/2012\/06\/ceus-cercados-1024x682.jpg\" alt=\"\" width=\"640\" height=\"426\" srcset=\"https:\/\/www.subterfugios.net\/blog\/wp-content\/uploads\/2012\/06\/ceus-cercados-1024x682.jpg 1024w, https:\/\/www.subterfugios.net\/blog\/wp-content\/uploads\/2012\/06\/ceus-cercados-300x200.jpg 300w, https:\/\/www.subterfugios.net\/blog\/wp-content\/uploads\/2012\/06\/ceus-cercados.jpg 1200w\" sizes=\"auto, (max-width: 640px) 100vw, 640px\" \/><\/a><p id=\"caption-attachment-1334\" class=\"wp-caption-text\"><strong>C\u00e9us cercados pelos pr\u00e9dios<\/strong>. Curitiba, abril\/2012.<\/p><\/div>\n<div id=\"attachment_1337\" style=\"width: 650px\" class=\"wp-caption aligncenter\"><a href=\"http:\/\/www.subterfugios.net\/blog\/wp-content\/uploads\/2012\/06\/pica-pau.jpg\"><img loading=\"lazy\" decoding=\"async\" aria-describedby=\"caption-attachment-1337\" class=\"size-large wp-image-1337\" title=\"P\u00e1ssaro no Poste\" src=\"http:\/\/www.subterfugios.net\/blog\/wp-content\/uploads\/2012\/06\/pica-pau-1024x683.jpg\" alt=\"\" width=\"640\" height=\"426\" srcset=\"https:\/\/www.subterfugios.net\/blog\/wp-content\/uploads\/2012\/06\/pica-pau-1024x683.jpg 1024w, https:\/\/www.subterfugios.net\/blog\/wp-content\/uploads\/2012\/06\/pica-pau-300x200.jpg 300w, https:\/\/www.subterfugios.net\/blog\/wp-content\/uploads\/2012\/06\/pica-pau.jpg 1200w\" sizes=\"auto, (max-width: 640px) 100vw, 640px\" \/><\/a><p id=\"caption-attachment-1337\" class=\"wp-caption-text\"><strong>P\u00e1ssaro no poste.<\/strong> \u00c9 um pica-pau? Itapo\u00e1, abril\/2012.<\/p><\/div>\n<div id=\"attachment_1339\" style=\"width: 650px\" class=\"wp-caption aligncenter\"><a href=\"http:\/\/www.subterfugios.net\/blog\/wp-content\/uploads\/2012\/06\/pesca-no-frio.jpg\"><img loading=\"lazy\" decoding=\"async\" aria-describedby=\"caption-attachment-1339\" class=\"size-large wp-image-1339\" title=\"Pesca no frio\" src=\"http:\/\/www.subterfugios.net\/blog\/wp-content\/uploads\/2012\/06\/pesca-no-frio-1024x682.jpg\" alt=\"\" width=\"640\" height=\"426\" srcset=\"https:\/\/www.subterfugios.net\/blog\/wp-content\/uploads\/2012\/06\/pesca-no-frio-1024x682.jpg 1024w, https:\/\/www.subterfugios.net\/blog\/wp-content\/uploads\/2012\/06\/pesca-no-frio-300x200.jpg 300w, https:\/\/www.subterfugios.net\/blog\/wp-content\/uploads\/2012\/06\/pesca-no-frio.jpg 1200w\" sizes=\"auto, (max-width: 640px) 100vw, 640px\" \/><\/a><p id=\"caption-attachment-1339\" class=\"wp-caption-text\"><strong>Pesca no frio.<\/strong> Itapo\u00e1, abril\/2012.<\/p><\/div>\n<div id=\"attachment_1341\" style=\"width: 650px\" class=\"wp-caption aligncenter\"><a href=\"http:\/\/www.subterfugios.net\/blog\/wp-content\/uploads\/2012\/06\/escrita-com-luz.jpg\"><img loading=\"lazy\" decoding=\"async\" aria-describedby=\"caption-attachment-1341\" class=\"size-large wp-image-1341\" title=\"Escrevendo com Luz\" src=\"http:\/\/www.subterfugios.net\/blog\/wp-content\/uploads\/2012\/06\/escrita-com-luz-1024x682.jpg\" alt=\"\" width=\"640\" height=\"426\" srcset=\"https:\/\/www.subterfugios.net\/blog\/wp-content\/uploads\/2012\/06\/escrita-com-luz-1024x682.jpg 1024w, https:\/\/www.subterfugios.net\/blog\/wp-content\/uploads\/2012\/06\/escrita-com-luz-300x200.jpg 300w, https:\/\/www.subterfugios.net\/blog\/wp-content\/uploads\/2012\/06\/escrita-com-luz.jpg 1200w\" sizes=\"auto, (max-width: 640px) 100vw, 640px\" \/><\/a><p id=\"caption-attachment-1341\" class=\"wp-caption-text\"><strong>Escrevendo com Luz.<\/strong> Itapo\u00e1, abril\/2012.<\/p><\/div>\n<div id=\"attachment_1342\" style=\"width: 650px\" class=\"wp-caption aligncenter\"><a href=\"http:\/\/www.subterfugios.net\/blog\/wp-content\/uploads\/2012\/06\/ferry-1.jpg\"><img loading=\"lazy\" decoding=\"async\" aria-describedby=\"caption-attachment-1342\" class=\"size-large wp-image-1342\" title=\"Vista do Ferry Boat Caiob\u00e1-Guaratuba - I\" src=\"http:\/\/www.subterfugios.net\/blog\/wp-content\/uploads\/2012\/06\/ferry-1-1024x682.jpg\" alt=\"\" width=\"640\" height=\"426\" srcset=\"https:\/\/www.subterfugios.net\/blog\/wp-content\/uploads\/2012\/06\/ferry-1-1024x682.jpg 1024w, https:\/\/www.subterfugios.net\/blog\/wp-content\/uploads\/2012\/06\/ferry-1-300x200.jpg 300w, https:\/\/www.subterfugios.net\/blog\/wp-content\/uploads\/2012\/06\/ferry-1.jpg 1200w\" sizes=\"auto, (max-width: 640px) 100vw, 640px\" \/><\/a><p id=\"caption-attachment-1342\" class=\"wp-caption-text\"><strong>Vista do Ferry Boat &#8211; I.<\/strong> Guaratuba, abril\/2012.<\/p><\/div>\n<div id=\"attachment_1343\" style=\"width: 650px\" class=\"wp-caption aligncenter\"><a href=\"http:\/\/www.subterfugios.net\/blog\/wp-content\/uploads\/2012\/06\/ferry-2.jpg\"><img loading=\"lazy\" decoding=\"async\" aria-describedby=\"caption-attachment-1343\" class=\"size-large wp-image-1343\" title=\"Vista do Ferry Boat - II\" src=\"http:\/\/www.subterfugios.net\/blog\/wp-content\/uploads\/2012\/06\/ferry-2-1024x682.jpg\" alt=\"\" width=\"640\" height=\"426\" srcset=\"https:\/\/www.subterfugios.net\/blog\/wp-content\/uploads\/2012\/06\/ferry-2-1024x682.jpg 1024w, https:\/\/www.subterfugios.net\/blog\/wp-content\/uploads\/2012\/06\/ferry-2-300x200.jpg 300w, https:\/\/www.subterfugios.net\/blog\/wp-content\/uploads\/2012\/06\/ferry-2.jpg 1200w\" sizes=\"auto, (max-width: 640px) 100vw, 640px\" \/><\/a><p id=\"caption-attachment-1343\" class=\"wp-caption-text\"><strong>Vista do Ferry Boat &#8211; II.<\/strong> Guaratuba, abril\/2012.<\/p><\/div>\n<div id=\"attachment_1344\" style=\"width: 650px\" class=\"wp-caption aligncenter\"><a href=\"http:\/\/www.subterfugios.net\/blog\/wp-content\/uploads\/2012\/06\/la-lune.jpg\"><img loading=\"lazy\" decoding=\"async\" aria-describedby=\"caption-attachment-1344\" class=\"size-large wp-image-1344\" title=\"La lune\" src=\"http:\/\/www.subterfugios.net\/blog\/wp-content\/uploads\/2012\/06\/la-lune-1024x682.jpg\" alt=\"\" width=\"640\" height=\"426\" srcset=\"https:\/\/www.subterfugios.net\/blog\/wp-content\/uploads\/2012\/06\/la-lune-1024x682.jpg 1024w, https:\/\/www.subterfugios.net\/blog\/wp-content\/uploads\/2012\/06\/la-lune-300x200.jpg 300w, https:\/\/www.subterfugios.net\/blog\/wp-content\/uploads\/2012\/06\/la-lune.jpg 1200w\" sizes=\"auto, (max-width: 640px) 100vw, 640px\" \/><\/a><p id=\"caption-attachment-1344\" class=\"wp-caption-text\"><strong>La lune.<\/strong> Itapo\u00e1, abril\/2012.<\/p><\/div>\n<div id=\"attachment_1346\" style=\"width: 650px\" class=\"wp-caption aligncenter\"><a href=\"http:\/\/www.subterfugios.net\/blog\/wp-content\/uploads\/2012\/06\/pescaria-noturna-no-porto.jpg\"><img loading=\"lazy\" decoding=\"async\" aria-describedby=\"caption-attachment-1346\" src=\"http:\/\/www.subterfugios.net\/blog\/wp-content\/uploads\/2012\/06\/pescaria-noturna-no-porto-1024x682.jpg\" alt=\"\" title=\"pescaria-noturna-no-porto\" width=\"640\" height=\"426\" class=\"size-large wp-image-1346\" srcset=\"https:\/\/www.subterfugios.net\/blog\/wp-content\/uploads\/2012\/06\/pescaria-noturna-no-porto-1024x682.jpg 1024w, https:\/\/www.subterfugios.net\/blog\/wp-content\/uploads\/2012\/06\/pescaria-noturna-no-porto-300x200.jpg 300w, https:\/\/www.subterfugios.net\/blog\/wp-content\/uploads\/2012\/06\/pescaria-noturna-no-porto.jpg 1200w\" sizes=\"auto, (max-width: 640px) 100vw, 640px\" \/><\/a><p id=\"caption-attachment-1346\" class=\"wp-caption-text\"><strong>Pescaria noturna no porto. <\/strong>Itapo\u00e1 abril\/2012.<\/p><\/div>\n<div id=\"attachment_1348\" style=\"width: 650px\" class=\"wp-caption aligncenter\"><a href=\"http:\/\/www.subterfugios.net\/blog\/wp-content\/uploads\/2012\/06\/porto-a-noite.jpg\"><img loading=\"lazy\" decoding=\"async\" aria-describedby=\"caption-attachment-1348\" src=\"http:\/\/www.subterfugios.net\/blog\/wp-content\/uploads\/2012\/06\/porto-a-noite-1024x682.jpg\" alt=\"\" title=\"Porto \u00e0 noite\" width=\"640\" height=\"426\" class=\"size-large wp-image-1348\" srcset=\"https:\/\/www.subterfugios.net\/blog\/wp-content\/uploads\/2012\/06\/porto-a-noite-1024x682.jpg 1024w, https:\/\/www.subterfugios.net\/blog\/wp-content\/uploads\/2012\/06\/porto-a-noite-300x200.jpg 300w, https:\/\/www.subterfugios.net\/blog\/wp-content\/uploads\/2012\/06\/porto-a-noite.jpg 1200w\" sizes=\"auto, (max-width: 640px) 100vw, 640px\" \/><\/a><p id=\"caption-attachment-1348\" class=\"wp-caption-text\"><strong>Porto \u00e0 noite dos ventos uivantes. <\/strong>Itapo\u00e1, abril\/2012.<\/p><\/div>\n<div id=\"attachment_1350\" style=\"width: 650px\" class=\"wp-caption aligncenter\"><a href=\"http:\/\/www.subterfugios.net\/blog\/wp-content\/uploads\/2012\/06\/sobremesa.jpg\"><img loading=\"lazy\" decoding=\"async\" aria-describedby=\"caption-attachment-1350\" src=\"http:\/\/www.subterfugios.net\/blog\/wp-content\/uploads\/2012\/06\/sobremesa-1024x682.jpg\" alt=\"\" title=\"Sobremesa\" width=\"640\" height=\"426\" class=\"size-large wp-image-1350\" srcset=\"https:\/\/www.subterfugios.net\/blog\/wp-content\/uploads\/2012\/06\/sobremesa-1024x682.jpg 1024w, https:\/\/www.subterfugios.net\/blog\/wp-content\/uploads\/2012\/06\/sobremesa-300x200.jpg 300w, https:\/\/www.subterfugios.net\/blog\/wp-content\/uploads\/2012\/06\/sobremesa.jpg 1200w\" sizes=\"auto, (max-width: 640px) 100vw, 640px\" \/><\/a><p id=\"caption-attachment-1350\" class=\"wp-caption-text\"><strong>Sobremesa. <\/strong>Petit Gateau do Porta Romana. Curitiba, abril\/2012.<\/p><\/div>\n","protected":false},"excerpt":{"rendered":"<p>A seguir, alguns momentos capturados nos \u00faltimos meses. Comme toujours, clique para ampliar.<\/p>\n","protected":false},"author":1,"featured_media":0,"comment_status":"open","ping_status":"open","sticky":false,"template":"","format":"standard","meta":{"_monsterinsights_skip_tracking":false,"_monsterinsights_sitenote_active":false,"_monsterinsights_sitenote_note":"","_monsterinsights_sitenote_category":0,"jetpack_post_was_ever_published":false,"_jetpack_newsletter_access":"","_jetpack_dont_email_post_to_subs":false,"_jetpack_newsletter_tier_id":0,"_jetpack_memberships_contains_paywalled_content":false,"_jetpack_memberships_contains_paid_content":false,"footnotes":"","jetpack_publicize_message":"","jetpack_publicize_feature_enabled":true,"jetpack_social_post_already_shared":false,"jetpack_social_options":{"image_generator_settings":{"template":"highway","enabled":false},"version":2}},"categories":[14],"tags":[],"class_list":["post-1325","post","type-post","status-publish","format-standard","hentry","category-fotografia"],"jetpack_publicize_connections":[],"jetpack_featured_media_url":"","jetpack_shortlink":"https:\/\/wp.me\/pAkyI-ln","jetpack_sharing_enabled":true,"_links":{"self":[{"href":"http:\/\/www.subterfugios.net\/blog\/wp-json\/wp\/v2\/posts\/1325","targetHints":{"allow":["GET"]}}],"collection":[{"href":"http:\/\/www.subterfugios.net\/blog\/wp-json\/wp\/v2\/posts"}],"about":[{"href":"http:\/\/www.subterfugios.net\/blog\/wp-json\/wp\/v2\/types\/post"}],"author":[{"embeddable":true,"href":"http:\/\/www.subterfugios.net\/blog\/wp-json\/wp\/v2\/users\/1"}],"replies":[{"embeddable":true,"href":"http:\/\/www.subterfugios.net\/blog\/wp-json\/wp\/v2\/comments?post=1325"}],"version-history":[{"count":14,"href":"http:\/\/www.subterfugios.net\/blog\/wp-json\/wp\/v2\/posts\/1325\/revisions"}],"predecessor-version":[{"id":1351,"href":"http:\/\/www.subterfugios.net\/blog\/wp-json\/wp\/v2\/posts\/1325\/revisions\/1351"}],"wp:attachment":[{"href":"http:\/\/www.subterfugios.net\/blog\/wp-json\/wp\/v2\/media?parent=1325"}],"wp:term":[{"taxonomy":"category","embeddable":true,"href":"http:\/\/www.subterfugios.net\/blog\/wp-json\/wp\/v2\/categories?post=1325"},{"taxonomy":"post_tag","embeddable":true,"href":"http:\/\/www.subterfugios.net\/blog\/wp-json\/wp\/v2\/tags?post=1325"}],"curies":[{"name":"wp","href":"https:\/\/api.w.org\/{rel}","templated":true}]}}